{"id":4705,"date":"2024-02-29T19:28:44","date_gmt":"2024-02-29T18:28:44","guid":{"rendered":"https:\/\/www.tacosorgdrager.nl\/wpblog\/?p=4705"},"modified":"2024-03-12T08:16:51","modified_gmt":"2024-03-12T07:16:51","slug":"choral-von-druben-tont-ein-ruf-zu-mir","status":"publish","type":"post","link":"https:\/\/www.tacosorgdrager.nl\/wpblog\/choral-von-druben-tont-ein-ruf-zu-mir\/","title":{"rendered":"Choral &#8220;Von dr\u00fcben t\u00f6nt ein Ruf zu mir&#8221;"},"content":{"rendered":"\n<p><strong><em>Wie meteen de muziek wil horen zonder het bijbehorende verhaal hieronder te moeten doorploeteren:<\/em><\/strong><\/p>\n\n\n\n<figure class=\"wp-block-audio\"><audio controls src=\"https:\/\/www.tacosorgdrager.nl\/wpblog\/wp-content\/uploads\/2024\/02\/Von-Druben-tont-opnamemiddag.mp3\"><\/audio><figcaption class=\"wp-element-caption\">[ Uitvoering van koorcompositie &#8220;Von dr\u00fcben t\u00f6nt ein Ruf zu mir&#8221; ]<\/figcaption><\/figure>\n\n\n\n<p>In november 2020, midden in de duistere corona-tijd, kwam mij het Duitstalige gedicht ter ore, waarvan bovenstaande titel de eerste zin is. Iemand las het voor tijdens een geheime-want-verboden samenkomst, omdat zij het van toepassing vond op die toen zo onwerkelijke situatie van mondkapjes tot sociale isolatie. Of was die samenkomst juist onwerkelijk: een droom misschien? Uit evasieve overwegingen lijkt het me beter me dit niet precies meer te herinneren. Je weet maar nooit of ik er ooit nog eens over ondervraagd ga worden.<\/p>\n\n\n\n<p>Het gedicht is van de Zwitsere dichter Albert Steffen (1884-1963), die al lang voordat hij theosoof en later antroposoof werd, in zijn kunstzinnige werk blijk had gegeven van belangstelling voor &#8211; vergeef me de wat vage term &#8211; &#8216;het spirituele&#8217;. Iets waar hij niet alleen in was in die tijd. Spirituele belangstelling was &#8216;hot&#8217; in de Westerse cultuur rond en vanaf 1900. Er was veel belangstelling voor stromingen als theosofie, antroposofie, boeddhisme en oosterse mystiek in allerlei vormen. Voordrachten van iemand als Rudolf Steiner trokken bijvoorbeeld honderden tot later zelfs regelmatig duizenden toehoorders. Niet bepaald een marginaal verschijnsel dus, en ook niet vreemd dat Albert Steffen zich ertoe aangetrokken voelde. <\/p>\n\n\n\n<p>Nadat hij die aantrekkingskracht uiteindelijk omgezet had in een &#8216;antroposofische identiteit&#8217;, moest hij het lot delen van meerdere jonge, veelbelovende kunstenaars uit de 20<sup>e<\/sup> eeuw die &#8216;antroposoof&#8217; werden, namelijk dat ze als verloren gegaan werden beschouwd voor het &#8216;echte&#8217; culturele leven, en werden genegeerd tot regelrecht verzwegen of in hun bestaansrecht ontkend. Zoals bijvoorbeeld ook de Italiaanse schilder <a href=\"https:\/\/www.visualartschoolbasel.ch\/en\/portrait\/beppe-assenza-e.html\">Beppe Assenza<\/a>. Nooit van gehoord? Dat bedoel ik.<\/p>\n\n\n\n<p>Steffen&#8217;s gedicht &#8220;Von dr\u00fcben t\u00f6nt ein Ruf zu mir&#8221; staat in de bundel &#8220;Wach auf du Todesschl\u00e4fer&#8221;, die in 1941 in Zwitserland verscheen, ten tijde van de 2e Wereldoorlog dus. &#8220;Midden in het oorlogsgeweld roept Steffen met deze bundel op om het meest waardevolle aan de mens niet ten onder te laten gaan.&#8221;<sup>1)<\/sup><br \/>Het gedicht, dat in deze oorlogstijd veelvuldig in het geheim (want het oorlogsmoreel ondermijnend, \u00e9n antroposofie was door de nazi&#8217;s verboden) onder soldaten is verspreid en gelezen, vertelt in 3 strofen over een (op)roep vanuit een geestelijke wereld (&#8220;dr\u00fcben&#8221;) om 1) de vijand van liefde en licht recht in de ogen te kijken: dat is het enige wat de engel van ieder van ons verlangt. En 2) dat we tot een spiegel worden waarin de demon zichzelf als demon moet erkennen, en hij door het innerlijke vuur waarin wij onszelf gelouterd hebben moet verbranden en in zichzelf vergaan moet. En tenslotte 3) dat de &#8220;Heer van het Lot&#8221; (antroposofisch gezegd: &#8220;de Heer van het Karma&#8221;, d.w.z. Christus) van ons niet vraagt om als rechter straffend te oordelen, maar alleen om vanuit waarheid te leven: de geest zelf zal over alles recht spreken.<\/p>\n\n\n\n<p>Terug naar die novemberavond in 2020, toen ik dit gedicht voor het eerst hoorde, en sowieso voor het eerst een gedicht van Albert Steffen onder oren kreeg. Ik besloot diezelfde avond om er een koorcompositie op te schrijven, en die was binnen een week klaar. En ja: we hebben hem bij een andere geheime bijeenkomst gezongen, wat ook verboden was. Of was dat ook maar een droom? Het kan toch geen werkelijkheid geweest zijn dat zingen verboden was? Zo erg was het op Hogwarts onder Dolores Umbridge niet eens volgens mij. O nee, dat was geen werkelijkheid: alleen maar een boek.<\/p>\n\n\n\n<p>Hoe dan ook: pas in oktober 2023, toen ik een gelegenheidskoor bij elkaar zocht om opnamen te maken van een aantal van mijn composities, is het stuk voor het eerst &#8216;echt&#8217; uitgevoerd, en dus ook opgenomen, in \u00e9\u00e9n middag studeren en hoppa vastleggen. Je kunt het hier beluisteren (of bovenaan de pagina, als je dit allemaal niet wilde lezen):<\/p>\n\n\n\n<figure class=\"wp-block-audio\"><audio controls src=\"https:\/\/www.tacosorgdrager.nl\/wpblog\/wp-content\/uploads\/2024\/02\/Von-Druben-tont-opnamemiddag.mp3\"><\/audio><figcaption class=\"wp-element-caption\">[ Uitvoering van koorcompositie &#8220;Von dr\u00fcben t\u00f6nt ein Ruf zu mir&#8221; ]<\/figcaption><\/figure>\n\n\n\n<p>Met dank aan alle zangers: Aviva Schulze, Christine van Gend, Eva Trapman, Fran\u00e7oise Kably, Gert van Breedam, Harry Fossen, Joke Fossen, Josi Oberstadt, Kirsten Jooren, Klaartje Kaptein, Daan, Maarten Karres, Margot Beekink, Richard van der Kamp, Roos de Vries, Sandra Uittenboogaart (helaas verhinderd vanwege ziekte), Sietske Asselbergs, Sjoerd Visscher, Theo Bosman (ook verhinderd wegens ziekte), Yuting Chen.<\/p>\n\n\n\n<p>Eveneens dank aan de toestemming verleend door de Albert Steffen Stiftung in Dornach (Zwitserland) om deze tekst van Albert Steffen te mogen gebruiken voor een koorcompositie.<\/p>\n\n\n\n<h4 class=\"wp-block-heading\">Tekst (Duits origineel):<\/h4>\n\n\n\n<p>Von dr\u00fcben t\u00f6nt ein Ruf zu mir:<br \/>Dem Feind der Liebe und des Lichts<br \/>ins Auge schauen! Weiter nichts<br \/>verlangt der Engel jetzt von dir.<br \/><br \/>Nur da\u00df du wie ein Spiegel wirst,<br \/>worin der D\u00e4mon sich erkennt,<br \/>in deiner L\u00e4uterung verbrennt,<br \/>das B\u00f6se in sich selbst zerbirst.<br \/><br \/>Der Herr des Schicksals fordert nicht,<br \/>da\u00df du die Hand als Richter hebst,<br \/>nur da\u00df du in der Wahrheit lebst:<br \/>Der Geist ist selber das Gericht.<\/p>\n\n\n\n<h4 class=\"wp-block-heading\">Nederlandse vertaling:<\/h4>\n\n\n\n<p>Van ginder klinkt een roep tot mij:<br \/>De vijand van de liefde en het licht<br \/>in de ogen kijken! Verder niets<br \/>vraagt de engel nu van je.<\/p>\n\n\n\n<p>Slechts dat je als een spiegel wordt,<br \/>waarin de demon zichzelf herkent,<br \/>in jouw loutering verbrandt,<br \/>het kwaad in zichzelf vergruist.<\/p>\n\n\n\n<p class=\"margin-bottom\">De heer van het lot verlangt niet,<br \/>dat jij je hand als rechter heft,<br \/>slechts dat jij in de waarheid leeft:<br \/>De geest zal zelf rechtspreken.<\/p>\n\n\n\n<hr class=\"wp-block-separator has-alpha-channel-opacity\"\/>\n\n\n\n<p class=\"margin-bottom has-text-color has-link-color wp-elements-b30cd37b77476253ab412eb44fdf80da\" style=\"color:#b38a8a;font-size:13px\">1) Vertaling van een fragment van een <a href=\"https:\/\/www.kulturkaufhaus.de\/de\/detail\/ISBN-9783858890177\/Steffen-Albert\/Wach-auf-du-Todesschl%C3%A4fer\">produktbeschrijving op de website van &#8220;Dussmann das Kulturkaufhaus&#8221;<\/a><\/p>\n","protected":false},"excerpt":{"rendered":"<p>Een nieuwe koorcompositie op een gedicht van Albert Steffen (1884-1963), over een engel-oproep aan de mensheid<\/p>\n","protected":false},"author":1,"featured_media":4708,"comment_status":"open","ping_status":"open","sticky":false,"template":"","format":"standard","meta":{"_jetpack_memberships_contains_paid_content":false,"footnotes":"","jetpack_publicize_message":"Choral \"Von dr\u00fcben t\u00f6nt ein Ruf zu mir\": Een nieuwe koorcompositie op een gedicht van Albert Steffen (1884-1963), over een engel-oproep aan de mensheid","jetpack_publicize_feature_enabled":true,"jetpack_social_post_already_shared":false,"jetpack_social_options":{"image_generator_settings":{"template":"highway","default_image_id":0,"font":"","enabled":false},"version":2}},"categories":[96],"tags":[775,777,776,591,774,778],"class_list":{"0":"post-4705","1":"post","2":"type-post","3":"status-publish","4":"format-standard","5":"has-post-thumbnail","7":"category-muziek","8":"tag-a-capella","9":"tag-albert-steffen","10":"tag-choral","11":"tag-koormuziek","12":"tag-satb","13":"tag-von-druben-tont-ein-ruf-zu-mir","14":"czr-hentry"},"yoast_head":"<!-- This site is optimized with the Yoast SEO plugin v27.4 - https:\/\/yoast.com\/product\/yoast-seo-wordpress\/ -->\n<title>Choral &quot;Von dr\u00fcben t\u00f6nt ein Ruf zu mir&quot; - Verbo<\/title>\n<meta name=\"description\" content=\"Muziek %\" \/>\n<meta name=\"robots\" content=\"index, follow, max-snippet:-1, max-image-preview:large, max-video-preview:-1\" \/>\n<link rel=\"canonical\" href=\"https:\/\/www.tacosorgdrager.nl\/wpblog\/choral-von-druben-tont-ein-ruf-zu-mir\/\" \/>\n<meta property=\"og:locale\" content=\"nl_NL\" \/>\n<meta property=\"og:type\" content=\"article\" \/>\n<meta property=\"og:title\" content=\"Choral &quot;Von dr\u00fcben t\u00f6nt ein Ruf zu mir&quot; - Verbo\" \/>\n<meta property=\"og:description\" content=\"Muziek %\" \/>\n<meta property=\"og:url\" content=\"https:\/\/www.tacosorgdrager.nl\/wpblog\/choral-von-druben-tont-ein-ruf-zu-mir\/\" \/>\n<meta property=\"og:site_name\" content=\"Verbo\" \/>\n<meta property=\"article:publisher\" content=\"https:\/\/www.facebook.com\/taco.sorgdrager\" \/>\n<meta property=\"article:author\" content=\"https:\/\/www.facebook.com\/taco.sorgdrager\" \/>\n<meta property=\"article:published_time\" content=\"2024-02-29T18:28:44+00:00\" \/>\n<meta property=\"article:modified_time\" content=\"2024-03-12T07:16:51+00:00\" \/>\n<meta property=\"og:image\" content=\"https:\/\/www.tacosorgdrager.nl\/wpblog\/wp-content\/uploads\/2024\/02\/G_3_Felicitas-1.jpg\" \/>\n\t<meta property=\"og:image:width\" content=\"480\" \/>\n\t<meta property=\"og:image:height\" content=\"679\" \/>\n\t<meta property=\"og:image:type\" content=\"image\/jpeg\" \/>\n<meta name=\"author\" content=\"Taco Sorgdrager\" \/>\n<meta name=\"twitter:card\" content=\"summary_large_image\" \/>\n<meta name=\"twitter:creator\" content=\"@koordenhaag\" \/>\n<meta name=\"twitter:site\" content=\"@koordenhaag\" \/>\n<meta name=\"twitter:label1\" content=\"Geschreven door\" \/>\n\t<meta name=\"twitter:data1\" content=\"Taco Sorgdrager\" \/>\n\t<meta name=\"twitter:label2\" content=\"Geschatte leestijd\" \/>\n\t<meta name=\"twitter:data2\" content=\"5 minuten\" \/>\n<script type=\"application\/ld+json\" class=\"yoast-schema-graph\">{\"@context\":\"https:\\\/\\\/schema.org\",\"@graph\":[{\"@type\":[\"Article\",\"BlogPosting\"],\"@id\":\"https:\\\/\\\/www.tacosorgdrager.nl\\\/wpblog\\\/choral-von-druben-tont-ein-ruf-zu-mir\\\/#article\",\"isPartOf\":{\"@id\":\"https:\\\/\\\/www.tacosorgdrager.nl\\\/wpblog\\\/choral-von-druben-tont-ein-ruf-zu-mir\\\/\"},\"author\":{\"name\":\"Taco Sorgdrager\",\"@id\":\"https:\\\/\\\/www.tacosorgdrager.nl\\\/wpblog\\\/#\\\/schema\\\/person\\\/6ac45b590e065c4303f626a210f1d579\"},\"headline\":\"Choral &#8220;Von dr\u00fcben t\u00f6nt ein Ruf zu mir&#8221;\",\"datePublished\":\"2024-02-29T18:28:44+00:00\",\"dateModified\":\"2024-03-12T07:16:51+00:00\",\"mainEntityOfPage\":{\"@id\":\"https:\\\/\\\/www.tacosorgdrager.nl\\\/wpblog\\\/choral-von-druben-tont-ein-ruf-zu-mir\\\/\"},\"wordCount\":914,\"commentCount\":1,\"publisher\":{\"@id\":\"https:\\\/\\\/www.tacosorgdrager.nl\\\/wpblog\\\/#\\\/schema\\\/person\\\/6ac45b590e065c4303f626a210f1d579\"},\"image\":{\"@id\":\"https:\\\/\\\/www.tacosorgdrager.nl\\\/wpblog\\\/choral-von-druben-tont-ein-ruf-zu-mir\\\/#primaryimage\"},\"thumbnailUrl\":\"https:\\\/\\\/www.tacosorgdrager.nl\\\/wpblog\\\/wp-content\\\/uploads\\\/2024\\\/02\\\/G_3_Felicitas-1.jpg\",\"keywords\":[\"A capella\",\"Albert Steffen\",\"Choral\",\"koormuziek\",\"SATB\",\"Von dr\u00fcben t\u00f6nt ein Ruf zu mir\"],\"articleSection\":[\"Muziek\"],\"inLanguage\":\"nl-NL\",\"potentialAction\":[{\"@type\":\"CommentAction\",\"name\":\"Comment\",\"target\":[\"https:\\\/\\\/www.tacosorgdrager.nl\\\/wpblog\\\/choral-von-druben-tont-ein-ruf-zu-mir\\\/#respond\"]}]},{\"@type\":\"WebPage\",\"@id\":\"https:\\\/\\\/www.tacosorgdrager.nl\\\/wpblog\\\/choral-von-druben-tont-ein-ruf-zu-mir\\\/\",\"url\":\"https:\\\/\\\/www.tacosorgdrager.nl\\\/wpblog\\\/choral-von-druben-tont-ein-ruf-zu-mir\\\/\",\"name\":\"Choral \\\"Von dr\u00fcben t\u00f6nt ein Ruf zu mir\\\" - Verbo\",\"isPartOf\":{\"@id\":\"https:\\\/\\\/www.tacosorgdrager.nl\\\/wpblog\\\/#website\"},\"primaryImageOfPage\":{\"@id\":\"https:\\\/\\\/www.tacosorgdrager.nl\\\/wpblog\\\/choral-von-druben-tont-ein-ruf-zu-mir\\\/#primaryimage\"},\"image\":{\"@id\":\"https:\\\/\\\/www.tacosorgdrager.nl\\\/wpblog\\\/choral-von-druben-tont-ein-ruf-zu-mir\\\/#primaryimage\"},\"thumbnailUrl\":\"https:\\\/\\\/www.tacosorgdrager.nl\\\/wpblog\\\/wp-content\\\/uploads\\\/2024\\\/02\\\/G_3_Felicitas-1.jpg\",\"datePublished\":\"2024-02-29T18:28:44+00:00\",\"dateModified\":\"2024-03-12T07:16:51+00:00\",\"description\":\"Muziek %\",\"breadcrumb\":{\"@id\":\"https:\\\/\\\/www.tacosorgdrager.nl\\\/wpblog\\\/choral-von-druben-tont-ein-ruf-zu-mir\\\/#breadcrumb\"},\"inLanguage\":\"nl-NL\",\"potentialAction\":[{\"@type\":\"ReadAction\",\"target\":[\"https:\\\/\\\/www.tacosorgdrager.nl\\\/wpblog\\\/choral-von-druben-tont-ein-ruf-zu-mir\\\/\"]}]},{\"@type\":\"ImageObject\",\"inLanguage\":\"nl-NL\",\"@id\":\"https:\\\/\\\/www.tacosorgdrager.nl\\\/wpblog\\\/choral-von-druben-tont-ein-ruf-zu-mir\\\/#primaryimage\",\"url\":\"https:\\\/\\\/www.tacosorgdrager.nl\\\/wpblog\\\/wp-content\\\/uploads\\\/2024\\\/02\\\/G_3_Felicitas-1.jpg\",\"contentUrl\":\"https:\\\/\\\/www.tacosorgdrager.nl\\\/wpblog\\\/wp-content\\\/uploads\\\/2024\\\/02\\\/G_3_Felicitas-1.jpg\",\"width\":480,\"height\":679},{\"@type\":\"BreadcrumbList\",\"@id\":\"https:\\\/\\\/www.tacosorgdrager.nl\\\/wpblog\\\/choral-von-druben-tont-ein-ruf-zu-mir\\\/#breadcrumb\",\"itemListElement\":[{\"@type\":\"ListItem\",\"position\":1,\"name\":\"Home\",\"item\":\"https:\\\/\\\/www.tacosorgdrager.nl\\\/wpblog\\\/\"},{\"@type\":\"ListItem\",\"position\":2,\"name\":\"Choral &#8220;Von dr\u00fcben t\u00f6nt ein Ruf zu mir&#8221;\"}]},{\"@type\":\"WebSite\",\"@id\":\"https:\\\/\\\/www.tacosorgdrager.nl\\\/wpblog\\\/#website\",\"url\":\"https:\\\/\\\/www.tacosorgdrager.nl\\\/wpblog\\\/\",\"name\":\"Verbo\",\"description\":\"Taco Sorgdragers woordrivier\",\"publisher\":{\"@id\":\"https:\\\/\\\/www.tacosorgdrager.nl\\\/wpblog\\\/#\\\/schema\\\/person\\\/6ac45b590e065c4303f626a210f1d579\"},\"potentialAction\":[{\"@type\":\"SearchAction\",\"target\":{\"@type\":\"EntryPoint\",\"urlTemplate\":\"https:\\\/\\\/www.tacosorgdrager.nl\\\/wpblog\\\/?s={search_term_string}\"},\"query-input\":{\"@type\":\"PropertyValueSpecification\",\"valueRequired\":true,\"valueName\":\"search_term_string\"}}],\"inLanguage\":\"nl-NL\"},{\"@type\":[\"Person\",\"Organization\"],\"@id\":\"https:\\\/\\\/www.tacosorgdrager.nl\\\/wpblog\\\/#\\\/schema\\\/person\\\/6ac45b590e065c4303f626a210f1d579\",\"name\":\"Taco Sorgdrager\",\"image\":{\"@type\":\"ImageObject\",\"inLanguage\":\"nl-NL\",\"@id\":\"https:\\\/\\\/i0.wp.com\\\/www.tacosorgdrager.nl\\\/wpblog\\\/wp-content\\\/uploads\\\/2023\\\/02\\\/logo-taco-sorgdrager-internet-diensten.png?fit=140%2C122&ssl=1\",\"url\":\"https:\\\/\\\/i0.wp.com\\\/www.tacosorgdrager.nl\\\/wpblog\\\/wp-content\\\/uploads\\\/2023\\\/02\\\/logo-taco-sorgdrager-internet-diensten.png?fit=140%2C122&ssl=1\",\"contentUrl\":\"https:\\\/\\\/i0.wp.com\\\/www.tacosorgdrager.nl\\\/wpblog\\\/wp-content\\\/uploads\\\/2023\\\/02\\\/logo-taco-sorgdrager-internet-diensten.png?fit=140%2C122&ssl=1\",\"width\":140,\"height\":122,\"caption\":\"Taco Sorgdrager\"},\"logo\":{\"@id\":\"https:\\\/\\\/i0.wp.com\\\/www.tacosorgdrager.nl\\\/wpblog\\\/wp-content\\\/uploads\\\/2023\\\/02\\\/logo-taco-sorgdrager-internet-diensten.png?fit=140%2C122&ssl=1\"},\"sameAs\":[\"https:\\\/\\\/www.tacosorgdrager.nl\",\"https:\\\/\\\/www.facebook.com\\\/taco.sorgdrager\",\"https:\\\/\\\/www.linkedin.com\\\/in\\\/tacosorgdrager\\\/\",\"https:\\\/\\\/x.com\\\/koordenhaag\",\"https:\\\/\\\/www.youtube.com\\\/@TacoSorgdrager\\\/\",\"https:\\\/\\\/soundcloud.com\\\/TacoSorgdrager\"],\"url\":\"https:\\\/\\\/www.tacosorgdrager.nl\\\/wpblog\\\/author\\\/taco\\\/\"}]}<\/script>\n<!-- \/ Yoast SEO plugin. -->","yoast_head_json":{"title":"Choral \"Von dr\u00fcben t\u00f6nt ein Ruf zu mir\" - Verbo","description":"Muziek %","robots":{"index":"index","follow":"follow","max-snippet":"max-snippet:-1","max-image-preview":"max-image-preview:large","max-video-preview":"max-video-preview:-1"},"canonical":"https:\/\/www.tacosorgdrager.nl\/wpblog\/choral-von-druben-tont-ein-ruf-zu-mir\/","og_locale":"nl_NL","og_type":"article","og_title":"Choral \"Von dr\u00fcben t\u00f6nt ein Ruf zu mir\" - Verbo","og_description":"Muziek %","og_url":"https:\/\/www.tacosorgdrager.nl\/wpblog\/choral-von-druben-tont-ein-ruf-zu-mir\/","og_site_name":"Verbo","article_publisher":"https:\/\/www.facebook.com\/taco.sorgdrager","article_author":"https:\/\/www.facebook.com\/taco.sorgdrager","article_published_time":"2024-02-29T18:28:44+00:00","article_modified_time":"2024-03-12T07:16:51+00:00","og_image":[{"width":480,"height":679,"url":"https:\/\/www.tacosorgdrager.nl\/wpblog\/wp-content\/uploads\/2024\/02\/G_3_Felicitas-1.jpg","type":"image\/jpeg"}],"author":"Taco Sorgdrager","twitter_card":"summary_large_image","twitter_creator":"@koordenhaag","twitter_site":"@koordenhaag","twitter_misc":{"Geschreven door":"Taco Sorgdrager","Geschatte leestijd":"5 minuten"},"schema":{"@context":"https:\/\/schema.org","@graph":[{"@type":["Article","BlogPosting"],"@id":"https:\/\/www.tacosorgdrager.nl\/wpblog\/choral-von-druben-tont-ein-ruf-zu-mir\/#article","isPartOf":{"@id":"https:\/\/www.tacosorgdrager.nl\/wpblog\/choral-von-druben-tont-ein-ruf-zu-mir\/"},"author":{"name":"Taco Sorgdrager","@id":"https:\/\/www.tacosorgdrager.nl\/wpblog\/#\/schema\/person\/6ac45b590e065c4303f626a210f1d579"},"headline":"Choral &#8220;Von dr\u00fcben t\u00f6nt ein Ruf zu mir&#8221;","datePublished":"2024-02-29T18:28:44+00:00","dateModified":"2024-03-12T07:16:51+00:00","mainEntityOfPage":{"@id":"https:\/\/www.tacosorgdrager.nl\/wpblog\/choral-von-druben-tont-ein-ruf-zu-mir\/"},"wordCount":914,"commentCount":1,"publisher":{"@id":"https:\/\/www.tacosorgdrager.nl\/wpblog\/#\/schema\/person\/6ac45b590e065c4303f626a210f1d579"},"image":{"@id":"https:\/\/www.tacosorgdrager.nl\/wpblog\/choral-von-druben-tont-ein-ruf-zu-mir\/#primaryimage"},"thumbnailUrl":"https:\/\/www.tacosorgdrager.nl\/wpblog\/wp-content\/uploads\/2024\/02\/G_3_Felicitas-1.jpg","keywords":["A capella","Albert Steffen","Choral","koormuziek","SATB","Von dr\u00fcben t\u00f6nt ein Ruf zu mir"],"articleSection":["Muziek"],"inLanguage":"nl-NL","potentialAction":[{"@type":"CommentAction","name":"Comment","target":["https:\/\/www.tacosorgdrager.nl\/wpblog\/choral-von-druben-tont-ein-ruf-zu-mir\/#respond"]}]},{"@type":"WebPage","@id":"https:\/\/www.tacosorgdrager.nl\/wpblog\/choral-von-druben-tont-ein-ruf-zu-mir\/","url":"https:\/\/www.tacosorgdrager.nl\/wpblog\/choral-von-druben-tont-ein-ruf-zu-mir\/","name":"Choral \"Von dr\u00fcben t\u00f6nt ein Ruf zu mir\" - Verbo","isPartOf":{"@id":"https:\/\/www.tacosorgdrager.nl\/wpblog\/#website"},"primaryImageOfPage":{"@id":"https:\/\/www.tacosorgdrager.nl\/wpblog\/choral-von-druben-tont-ein-ruf-zu-mir\/#primaryimage"},"image":{"@id":"https:\/\/www.tacosorgdrager.nl\/wpblog\/choral-von-druben-tont-ein-ruf-zu-mir\/#primaryimage"},"thumbnailUrl":"https:\/\/www.tacosorgdrager.nl\/wpblog\/wp-content\/uploads\/2024\/02\/G_3_Felicitas-1.jpg","datePublished":"2024-02-29T18:28:44+00:00","dateModified":"2024-03-12T07:16:51+00:00","description":"Muziek %","breadcrumb":{"@id":"https:\/\/www.tacosorgdrager.nl\/wpblog\/choral-von-druben-tont-ein-ruf-zu-mir\/#breadcrumb"},"inLanguage":"nl-NL","potentialAction":[{"@type":"ReadAction","target":["https:\/\/www.tacosorgdrager.nl\/wpblog\/choral-von-druben-tont-ein-ruf-zu-mir\/"]}]},{"@type":"ImageObject","inLanguage":"nl-NL","@id":"https:\/\/www.tacosorgdrager.nl\/wpblog\/choral-von-druben-tont-ein-ruf-zu-mir\/#primaryimage","url":"https:\/\/www.tacosorgdrager.nl\/wpblog\/wp-content\/uploads\/2024\/02\/G_3_Felicitas-1.jpg","contentUrl":"https:\/\/www.tacosorgdrager.nl\/wpblog\/wp-content\/uploads\/2024\/02\/G_3_Felicitas-1.jpg","width":480,"height":679},{"@type":"BreadcrumbList","@id":"https:\/\/www.tacosorgdrager.nl\/wpblog\/choral-von-druben-tont-ein-ruf-zu-mir\/#breadcrumb","itemListElement":[{"@type":"ListItem","position":1,"name":"Home","item":"https:\/\/www.tacosorgdrager.nl\/wpblog\/"},{"@type":"ListItem","position":2,"name":"Choral &#8220;Von dr\u00fcben t\u00f6nt ein Ruf zu mir&#8221;"}]},{"@type":"WebSite","@id":"https:\/\/www.tacosorgdrager.nl\/wpblog\/#website","url":"https:\/\/www.tacosorgdrager.nl\/wpblog\/","name":"Verbo","description":"Taco Sorgdragers woordrivier","publisher":{"@id":"https:\/\/www.tacosorgdrager.nl\/wpblog\/#\/schema\/person\/6ac45b590e065c4303f626a210f1d579"},"potentialAction":[{"@type":"SearchAction","target":{"@type":"EntryPoint","urlTemplate":"https:\/\/www.tacosorgdrager.nl\/wpblog\/?s={search_term_string}"},"query-input":{"@type":"PropertyValueSpecification","valueRequired":true,"valueName":"search_term_string"}}],"inLanguage":"nl-NL"},{"@type":["Person","Organization"],"@id":"https:\/\/www.tacosorgdrager.nl\/wpblog\/#\/schema\/person\/6ac45b590e065c4303f626a210f1d579","name":"Taco Sorgdrager","image":{"@type":"ImageObject","inLanguage":"nl-NL","@id":"https:\/\/i0.wp.com\/www.tacosorgdrager.nl\/wpblog\/wp-content\/uploads\/2023\/02\/logo-taco-sorgdrager-internet-diensten.png?fit=140%2C122&ssl=1","url":"https:\/\/i0.wp.com\/www.tacosorgdrager.nl\/wpblog\/wp-content\/uploads\/2023\/02\/logo-taco-sorgdrager-internet-diensten.png?fit=140%2C122&ssl=1","contentUrl":"https:\/\/i0.wp.com\/www.tacosorgdrager.nl\/wpblog\/wp-content\/uploads\/2023\/02\/logo-taco-sorgdrager-internet-diensten.png?fit=140%2C122&ssl=1","width":140,"height":122,"caption":"Taco Sorgdrager"},"logo":{"@id":"https:\/\/i0.wp.com\/www.tacosorgdrager.nl\/wpblog\/wp-content\/uploads\/2023\/02\/logo-taco-sorgdrager-internet-diensten.png?fit=140%2C122&ssl=1"},"sameAs":["https:\/\/www.tacosorgdrager.nl","https:\/\/www.facebook.com\/taco.sorgdrager","https:\/\/www.linkedin.com\/in\/tacosorgdrager\/","https:\/\/x.com\/koordenhaag","https:\/\/www.youtube.com\/@TacoSorgdrager\/","https:\/\/soundcloud.com\/TacoSorgdrager"],"url":"https:\/\/www.tacosorgdrager.nl\/wpblog\/author\/taco\/"}]}},"jetpack_publicize_connections":[],"jetpack_featured_media_url":"https:\/\/www.tacosorgdrager.nl\/wpblog\/wp-content\/uploads\/2024\/02\/G_3_Felicitas-1.jpg","jetpack_sharing_enabled":true,"jetpack_shortlink":"https:\/\/wp.me\/p2QNhq-1dT","jetpack_likes_enabled":true,"jetpack-related-posts":[{"id":1192,"url":"https:\/\/www.tacosorgdrager.nl\/wpblog\/in-gesprek-met-novalis\/","url_meta":{"origin":4705,"position":0},"title":"In gesprek met Novalis","author":"Taco Sorgdrager","date":"24 augustus 2018","format":false,"excerpt":"Es gibt eine Kraft, die in einem wirkt und immer anwesend ist, durch welche man betrachtet wird wie ein Gegenstand, wovon es sich fragt wie es am Besten zu ben\u00fctzen ist. Diese Kraft ist nicht ohne weiteres B\u00f6se oder Gut zu nennen, weil sie Beides sein kann. Aber sie ist\u2026","rel":"","context":"In &quot;proza&quot;","block_context":{"text":"proza","link":"https:\/\/www.tacosorgdrager.nl\/wpblog\/category\/proza\/"},"img":{"alt_text":"Novalis (Friedrich von Hardenberg)","src":"https:\/\/i0.wp.com\/www.tacosorgdrager.nl\/wpblog\/wp-content\/uploads\/2018\/08\/novalis-gr.jpg?resize=350%2C200&ssl=1","width":350,"height":200,"srcset":"https:\/\/i0.wp.com\/www.tacosorgdrager.nl\/wpblog\/wp-content\/uploads\/2018\/08\/novalis-gr.jpg?resize=350%2C200&ssl=1 1x, https:\/\/i0.wp.com\/www.tacosorgdrager.nl\/wpblog\/wp-content\/uploads\/2018\/08\/novalis-gr.jpg?resize=525%2C300&ssl=1 1.5x, https:\/\/i0.wp.com\/www.tacosorgdrager.nl\/wpblog\/wp-content\/uploads\/2018\/08\/novalis-gr.jpg?resize=700%2C400&ssl=1 2x, https:\/\/i0.wp.com\/www.tacosorgdrager.nl\/wpblog\/wp-content\/uploads\/2018\/08\/novalis-gr.jpg?resize=1050%2C600&ssl=1 3x"},"classes":[]},{"id":723,"url":"https:\/\/www.tacosorgdrager.nl\/wpblog\/toedeloe-gutenacht\/","url_meta":{"origin":4705,"position":1},"title":"Toedeloe Gutenacht","author":"Taco Sorgdrager","date":"6 maart 2018","format":false,"excerpt":"In het tijdschrift \"Motief\" (nr. 219\/februari 2018), kwam ik een verslag van een congres tegen, dat werd ingeleid met de nogal klakkeloos geciteerde beginregels van het openingsgedicht \u201cGutenacht\u201d uit \u201cDie Winterreise\u201d van Wilhelm M\u00fcller (1): \u201cFremd bin ich eingezogen,Fremd zieh\u2019 ich wieder hin\u201d. Namens het woord \u201cBlumenstrau\u00df\u201d de volgende reactie:\u2026","rel":"","context":"In &quot;Antroposofie&quot;","block_context":{"text":"Antroposofie","link":"https:\/\/www.tacosorgdrager.nl\/wpblog\/category\/antroposofie\/"},"img":{"alt_text":"","src":"https:\/\/i0.wp.com\/www.tacosorgdrager.nl\/wpblog\/wp-content\/uploads\/2018\/03\/winter-3153112_1920.jpg?resize=350%2C200&ssl=1","width":350,"height":200,"srcset":"https:\/\/i0.wp.com\/www.tacosorgdrager.nl\/wpblog\/wp-content\/uploads\/2018\/03\/winter-3153112_1920.jpg?resize=350%2C200&ssl=1 1x, https:\/\/i0.wp.com\/www.tacosorgdrager.nl\/wpblog\/wp-content\/uploads\/2018\/03\/winter-3153112_1920.jpg?resize=525%2C300&ssl=1 1.5x, https:\/\/i0.wp.com\/www.tacosorgdrager.nl\/wpblog\/wp-content\/uploads\/2018\/03\/winter-3153112_1920.jpg?resize=700%2C400&ssl=1 2x, https:\/\/i0.wp.com\/www.tacosorgdrager.nl\/wpblog\/wp-content\/uploads\/2018\/03\/winter-3153112_1920.jpg?resize=1050%2C600&ssl=1 3x, https:\/\/i0.wp.com\/www.tacosorgdrager.nl\/wpblog\/wp-content\/uploads\/2018\/03\/winter-3153112_1920.jpg?resize=1400%2C800&ssl=1 4x"},"classes":[]},{"id":4987,"url":"https:\/\/www.tacosorgdrager.nl\/wpblog\/muziek-voor-de-kaars-weekspreuk\/","url_meta":{"origin":4705,"position":2},"title":"Muziek voor de &#8216;kaars&#8217;-weekspreuk","author":"Taco Sorgdrager","date":"17 december 2024","format":false,"excerpt":"Een compositie-schets voor zang en piano","rel":"","context":"In &quot;Muziek&quot;","block_context":{"text":"Muziek","link":"https:\/\/www.tacosorgdrager.nl\/wpblog\/category\/muziek\/"},"img":{"alt_text":"","src":"https:\/\/i0.wp.com\/www.tacosorgdrager.nl\/wpblog\/wp-content\/uploads\/2024\/12\/candle-794312_1280.jpg?resize=350%2C200&ssl=1","width":350,"height":200,"srcset":"https:\/\/i0.wp.com\/www.tacosorgdrager.nl\/wpblog\/wp-content\/uploads\/2024\/12\/candle-794312_1280.jpg?resize=350%2C200&ssl=1 1x, https:\/\/i0.wp.com\/www.tacosorgdrager.nl\/wpblog\/wp-content\/uploads\/2024\/12\/candle-794312_1280.jpg?resize=525%2C300&ssl=1 1.5x, https:\/\/i0.wp.com\/www.tacosorgdrager.nl\/wpblog\/wp-content\/uploads\/2024\/12\/candle-794312_1280.jpg?resize=700%2C400&ssl=1 2x, https:\/\/i0.wp.com\/www.tacosorgdrager.nl\/wpblog\/wp-content\/uploads\/2024\/12\/candle-794312_1280.jpg?resize=1050%2C600&ssl=1 3x"},"classes":[]},{"id":4871,"url":"https:\/\/www.tacosorgdrager.nl\/wpblog\/zomerkoormuziek-der-welten-schonheitsglanz\/","url_meta":{"origin":4705,"position":3},"title":"Zomerkoormuziek (der Welten Sch\u00f6nheitsglanz)","author":"Taco Sorgdrager","date":"16 juni 2024","format":false,"excerpt":"Een compositie voor gemengd koor op de 12e weekspreuk uit de \"anthroposophischer Seelenkalender\" voor de zomer-Johanni-zonnewendetijd","rel":"","context":"In &quot;Muziek&quot;","block_context":{"text":"Muziek","link":"https:\/\/www.tacosorgdrager.nl\/wpblog\/category\/muziek\/"},"img":{"alt_text":"","src":"https:\/\/i0.wp.com\/www.tacosorgdrager.nl\/wpblog\/wp-content\/uploads\/2024\/06\/summer-solstice-2433807_1280.png?resize=350%2C200&ssl=1","width":350,"height":200,"srcset":"https:\/\/i0.wp.com\/www.tacosorgdrager.nl\/wpblog\/wp-content\/uploads\/2024\/06\/summer-solstice-2433807_1280.png?resize=350%2C200&ssl=1 1x, https:\/\/i0.wp.com\/www.tacosorgdrager.nl\/wpblog\/wp-content\/uploads\/2024\/06\/summer-solstice-2433807_1280.png?resize=525%2C300&ssl=1 1.5x, https:\/\/i0.wp.com\/www.tacosorgdrager.nl\/wpblog\/wp-content\/uploads\/2024\/06\/summer-solstice-2433807_1280.png?resize=700%2C400&ssl=1 2x, https:\/\/i0.wp.com\/www.tacosorgdrager.nl\/wpblog\/wp-content\/uploads\/2024\/06\/summer-solstice-2433807_1280.png?resize=1050%2C600&ssl=1 3x"},"classes":[]},{"id":5259,"url":"https:\/\/www.tacosorgdrager.nl\/wpblog\/koormuziek-es-spricht-das-weltenwort-17e-weekspreuk\/","url_meta":{"origin":4705,"position":4},"title":"Koormuziek &#8220;Es spricht das Weltenwort&#8221; (17e weekspreuk)","author":"Taco Sorgdrager","date":"2 augustus 2025","format":false,"excerpt":"Een live opname van de koormuziek die ik componeerde bij de 17e weekspreuk (\"Es spricht das Weltenwort\") uit de antroposofische zielekalender, met nog wat inhoudelijke achtergrond i.v.m. de 3 ruimterichtingen\/dimensies.","rel":"","context":"In &quot;Muziek&quot;","block_context":{"text":"Muziek","link":"https:\/\/www.tacosorgdrager.nl\/wpblog\/category\/muziek\/"},"img":{"alt_text":"","src":"https:\/\/i0.wp.com\/www.tacosorgdrager.nl\/wpblog\/wp-content\/uploads\/2025\/08\/flower-2536651_1280.jpg?resize=350%2C200&ssl=1","width":350,"height":200,"srcset":"https:\/\/i0.wp.com\/www.tacosorgdrager.nl\/wpblog\/wp-content\/uploads\/2025\/08\/flower-2536651_1280.jpg?resize=350%2C200&ssl=1 1x, https:\/\/i0.wp.com\/www.tacosorgdrager.nl\/wpblog\/wp-content\/uploads\/2025\/08\/flower-2536651_1280.jpg?resize=525%2C300&ssl=1 1.5x, https:\/\/i0.wp.com\/www.tacosorgdrager.nl\/wpblog\/wp-content\/uploads\/2025\/08\/flower-2536651_1280.jpg?resize=700%2C400&ssl=1 2x, https:\/\/i0.wp.com\/www.tacosorgdrager.nl\/wpblog\/wp-content\/uploads\/2025\/08\/flower-2536651_1280.jpg?resize=1050%2C600&ssl=1 3x"},"classes":[]},{"id":4491,"url":"https:\/\/www.tacosorgdrager.nl\/wpblog\/der-gondelfahrer-van-franz-schubert\/","url_meta":{"origin":4705,"position":5},"title":"&#8220;Der Gondelfahrer&#8221; van Franz Schubert","author":"Taco Sorgdrager","date":"15 december 2023","format":false,"excerpt":"Arrangement voor vrouwenkoor en piano door het Morgana Kamerkoor","rel":"","context":"In &quot;Muziek&quot;","block_context":{"text":"Muziek","link":"https:\/\/www.tacosorgdrager.nl\/wpblog\/category\/muziek\/"},"img":{"alt_text":"","src":"https:\/\/i0.wp.com\/www.tacosorgdrager.nl\/wpblog\/wp-content\/uploads\/2023\/12\/gondolier-29216_1280.png?resize=350%2C200&ssl=1","width":350,"height":200,"srcset":"https:\/\/i0.wp.com\/www.tacosorgdrager.nl\/wpblog\/wp-content\/uploads\/2023\/12\/gondolier-29216_1280.png?resize=350%2C200&ssl=1 1x, https:\/\/i0.wp.com\/www.tacosorgdrager.nl\/wpblog\/wp-content\/uploads\/2023\/12\/gondolier-29216_1280.png?resize=525%2C300&ssl=1 1.5x, https:\/\/i0.wp.com\/www.tacosorgdrager.nl\/wpblog\/wp-content\/uploads\/2023\/12\/gondolier-29216_1280.png?resize=700%2C400&ssl=1 2x, https:\/\/i0.wp.com\/www.tacosorgdrager.nl\/wpblog\/wp-content\/uploads\/2023\/12\/gondolier-29216_1280.png?resize=1050%2C600&ssl=1 3x"},"classes":[]}],"post_mailing_queue_ids":[],"_links":{"self":[{"href":"https:\/\/www.tacosorgdrager.nl\/wpblog\/wp-json\/wp\/v2\/posts\/4705","targetHints":{"allow":["GET"]}}],"collection":[{"href":"https:\/\/www.tacosorgdrager.nl\/wpblog\/wp-json\/wp\/v2\/posts"}],"about":[{"href":"https:\/\/www.tacosorgdrager.nl\/wpblog\/wp-json\/wp\/v2\/types\/post"}],"author":[{"embeddable":true,"href":"https:\/\/www.tacosorgdrager.nl\/wpblog\/wp-json\/wp\/v2\/users\/1"}],"replies":[{"embeddable":true,"href":"https:\/\/www.tacosorgdrager.nl\/wpblog\/wp-json\/wp\/v2\/comments?post=4705"}],"version-history":[{"count":0,"href":"https:\/\/www.tacosorgdrager.nl\/wpblog\/wp-json\/wp\/v2\/posts\/4705\/revisions"}],"wp:featuredmedia":[{"embeddable":true,"href":"https:\/\/www.tacosorgdrager.nl\/wpblog\/wp-json\/wp\/v2\/media\/4708"}],"wp:attachment":[{"href":"https:\/\/www.tacosorgdrager.nl\/wpblog\/wp-json\/wp\/v2\/media?parent=4705"}],"wp:term":[{"taxonomy":"category","embeddable":true,"href":"https:\/\/www.tacosorgdrager.nl\/wpblog\/wp-json\/wp\/v2\/categories?post=4705"},{"taxonomy":"post_tag","embeddable":true,"href":"https:\/\/www.tacosorgdrager.nl\/wpblog\/wp-json\/wp\/v2\/tags?post=4705"}],"curies":[{"name":"wp","href":"https:\/\/api.w.org\/{rel}","templated":true}]}}